{"id":599,"date":"2025-07-21T10:41:40","date_gmt":"2025-07-21T07:41:40","guid":{"rendered":"https:\/\/www.gimdes.org\/helal-gida\/?p=599"},"modified":"2025-07-21T10:41:40","modified_gmt":"2025-07-21T07:41:40","slug":"helal-yasam-etkinlikleri-festivali-ikram-sponsorlarimiza-desteklerinden-dolayi-tesekkur-ederiz","status":"publish","type":"post","link":"https:\/\/www.gimdes.org\/helal-gida\/?p=599","title":{"rendered":"HELAL YA\u015eAM ETK\u0130NL\u0130KLER\u0130 FEST\u0130VAL\u0130 \u0130KRAM SPONSORLARIMIZA DESTEKLER\u0130NDEN DOLAYI TE\u015eEKK\u00dcR EDER\u0130Z"},"content":{"rendered":"<p><a href=\"http:\/\/www.gimdes.org\/helal-gida\/wp-content\/uploads\/2025\/07\/IMG_1913-e1752758555240.png\"><img loading=\"lazy\" decoding=\"async\" class=\"alignright size-medium wp-image-600\" src=\"http:\/\/www.gimdes.org\/helal-gida\/wp-content\/uploads\/2025\/07\/IMG_1913-e1752758555240-263x300.png\" alt=\"\" width=\"263\" height=\"300\" srcset=\"https:\/\/www.gimdes.org\/helal-gida\/wp-content\/uploads\/2025\/07\/IMG_1913-e1752758555240-263x300.png 263w, https:\/\/www.gimdes.org\/helal-gida\/wp-content\/uploads\/2025\/07\/IMG_1913-e1752758555240.png 350w\" sizes=\"auto, (max-width: 263px) 100vw, 263px\" \/><\/a><\/p>\n<p>G\u0130MDES Helal Sertifikal\u0131 firmalar\u0131m\u0131z \u201cHelal Ya\u015fam Etkinliklerini\u201d desteklemeye devam ediyorlar.<\/p>\n<p>G\u0130MDES\u2019in en \u00f6nemli g\u00fcc\u00fcnden birisi de G\u0130MDES sertifikal\u0131 firmalar\u0131m\u0131zd\u0131r. Festivalimize vermi\u015f olduklar\u0131 desteklerinden ve katk\u0131lar\u0131ndan dolay\u0131 t\u00fcm ikram sponsorlar\u0131m\u0131za g\u00f6n\u00fclden te\u015fekk\u00fcr ediyoruz. Birbirinden g\u00fczel ve \u00e7e\u015fitli \u00fcr\u00fcnlerimizle bulu\u015fan kat\u0131l\u0131mc\u0131lar\u0131m\u0131z ve bilhassa \u00e7ocuklar\u0131m\u0131z \u00e7ok sevindiler.<\/p>\n<p>3-6 Temmuz 2025 tarihleri aras\u0131nda ger\u00e7ekle\u015ftirilen ve halk\u0131m\u0131z taraf\u0131ndan b\u00fcy\u00fck talep g\u00f6ren Helal Ya\u015fam Etkinlikleri Festivalimizde ziyaret\u00e7ilerimize G\u0130MDES taraf\u0131ndan helal ve tayyib olarak sertifikaland\u0131r\u0131lan \u00fcr\u00fcnleri hediye edildi.<\/p>\n<p>Festival boyunca G\u0130MDES sertifikal\u0131 firmalar\u0131m\u0131z\u0131n \u00e7i\u011f k\u00f6fte, \u00e7ikolata, f\u0131nd\u0131k kremas\u0131, cips, lokum gibi \u00e7ocuklar\u0131m\u0131z\u0131n en sevdi\u011fi \u00fcr\u00fcnler da\u011f\u0131t\u0131ld\u0131. Festival de \u00e7ocuk di\u015f macunu, aromatik ya\u011flar gibi \u00fcr\u00fcnler de ziyaret\u00e7ilerimize sunuldu.<br \/>\n<!--more--><br \/>\nHelal Ya\u015fam Etkinlikleri Festivali\u2019ne ikramlar\u0131n\u0131 sunarak destek veren firmalar\u0131m\u0131z \u015f\u00f6yledir:<\/p>\n<p>Tat\u015fen Pazarlama G\u0131da San. ve Tic. Ltd. \u015eti.<\/p>\n<p>Abdurrahman Tatl\u0131c\u0131 G\u0131da San. ve Tic. Ltd. \u015eti.<\/p>\n<p>7K Kimya \u0130la\u00e7 G\u0131da San. D\u0131\u015f Tic. Ltd. \u015eti. (Spumy)<\/p>\n<p>Natural Ya\u015fam Ki\u015fisel Bak\u0131m Ve Temiz. \u00dcr\u00fcn. San. Tic. Ltd. \u015eti.<\/p>\n<p>Mestar \u0130n\u015f. G\u0131da San. Tic .Ltd. \u015eti. (Cans\u0131zzade)<\/p>\n<p>Milat \u00c7ikolata \u015eekerleme San. Tic. Ltd. \u015eti.<\/p>\n<p>Nafia G\u0131da Kozmetik Temizlik \u0130n\u015f. Turz. San. ve Tic. Ltd. \u015eti. (Afia)<\/p>\n<p>U\u011furluo\u011flu Bitkisel Ya\u011f G\u0131da Kozmetik \u0130th. \u0130hr. Ltd. \u015eti.<\/p>\n<p>Mersin \u00d6zkaymak G\u0131da Turizm \u0130n\u015faat Sanayi ve Ticaret A.\u015e.<\/p>\n<p>Meysu Gida San. Ve Tic. A.\u015e.<\/p>\n<p>\u0130rfay G\u0131da \u0130rfan Aybak \u2013 \u0130rfa \u00c7i\u011fk\u00f6fte<\/p>\n<p>Libade Bitkisel \u00dcr\u00fcnler<\/p>\n","protected":false},"excerpt":{"rendered":"<p>G\u0130MDES Helal Sertifikal\u0131 firmalar\u0131m\u0131z \u201cHelal Ya\u015fam Etkinliklerini\u201d desteklemeye devam ediyorlar. G\u0130MDES\u2019in en \u00f6nemli g\u00fcc\u00fcnden birisi de G\u0130MDES sertifikal\u0131 firmalar\u0131m\u0131zd\u0131r. Festivalimize vermi\u015f olduklar\u0131 desteklerinden ve katk\u0131lar\u0131ndan dolay\u0131 t\u00fcm ikram sponsorlar\u0131m\u0131za g\u00f6n\u00fclden te\u015fekk\u00fcr ediyoruz. Birbirinden g\u00fczel ve \u00e7e\u015fitli \u00fcr\u00fcnlerimizle bulu\u015fan kat\u0131l\u0131mc\u0131lar\u0131m\u0131z ve bilhassa \u00e7ocuklar\u0131m\u0131z \u00e7ok sevindiler. 3-6 Temmuz 2025 tarihleri aras\u0131nda ger\u00e7ekle\u015ftirilen ve halk\u0131m\u0131z taraf\u0131ndan b\u00fcy\u00fck talep [&hellip;]<\/p>\n","protected":false},"author":1,"featured_media":0,"comment_status":"open","ping_status":"open","sticky":false,"template":"","format":"gallery","meta":{"footnotes":""},"categories":[3],"tags":[],"class_list":["post-599","post","type-post","status-publish","format-gallery","hentry","category-haberler","post_format-post-format-gallery"],"_links":{"self":[{"href":"https:\/\/www.gimdes.org\/helal-gida\/index.php?rest_route=\/wp\/v2\/posts\/599","targetHints":{"allow":["GET"]}}],"collection":[{"href":"https:\/\/www.gimdes.org\/helal-gida\/index.php?rest_route=\/wp\/v2\/posts"}],"about":[{"href":"https:\/\/www.gimdes.org\/helal-gida\/index.php?rest_route=\/wp\/v2\/types\/post"}],"author":[{"embeddable":true,"href":"https:\/\/www.gimdes.org\/helal-gida\/index.php?rest_route=\/wp\/v2\/users\/1"}],"replies":[{"embeddable":true,"href":"https:\/\/www.gimdes.org\/helal-gida\/index.php?rest_route=%2Fwp%2Fv2%2Fcomments&post=599"}],"version-history":[{"count":1,"href":"https:\/\/www.gimdes.org\/helal-gida\/index.php?rest_route=\/wp\/v2\/posts\/599\/revisions"}],"predecessor-version":[{"id":601,"href":"https:\/\/www.gimdes.org\/helal-gida\/index.php?rest_route=\/wp\/v2\/posts\/599\/revisions\/601"}],"wp:attachment":[{"href":"https:\/\/www.gimdes.org\/helal-gida\/index.php?rest_route=%2Fwp%2Fv2%2Fmedia&parent=599"}],"wp:term":[{"taxonomy":"category","embeddable":true,"href":"https:\/\/www.gimdes.org\/helal-gida\/index.php?rest_route=%2Fwp%2Fv2%2Fcategories&post=599"},{"taxonomy":"post_tag","embeddable":true,"href":"https:\/\/www.gimdes.org\/helal-gida\/index.php?rest_route=%2Fwp%2Fv2%2Ftags&post=599"}],"curies":[{"name":"wp","href":"https:\/\/api.w.org\/{rel}","templated":true}]}}