{"id":595,"date":"2025-07-16T14:04:21","date_gmt":"2025-07-16T11:04:21","guid":{"rendered":"https:\/\/www.gimdes.org\/helal-gida\/?p=595"},"modified":"2025-07-16T14:04:21","modified_gmt":"2025-07-16T11:04:21","slug":"15-temmuz-darbe-girisiminin-9-yil-donumu-olan-15-temmuzu-unutmadik-unutmayacagiz","status":"publish","type":"post","link":"https:\/\/www.gimdes.org\/helal-gida\/?p=595","title":{"rendered":"15 TEMMUZ DARBE G\u0130R\u0130\u015e\u0130M\u0130N\u0130N 9. YIL D\u00d6N\u00dcM\u00dc OLAN \u201c15 TEMMUZ\u2019U UNUTMADIK, UNUTMAYACA\u011eIZ.\u201d"},"content":{"rendered":"<p>Dr. H\u00fcseyin K\u00e2mi B\u00dcY\u00dcK\u00d6ZER<br \/>\n<a href=\"http:\/\/www.gimdes.org\/helal-gida\/wp-content\/uploads\/2025\/07\/15-temmuz-2025x.jpg\"><img loading=\"lazy\" decoding=\"async\" class=\"alignright size-medium wp-image-596\" src=\"http:\/\/www.gimdes.org\/helal-gida\/wp-content\/uploads\/2025\/07\/15-temmuz-2025x-240x300.jpg\" alt=\"\" width=\"240\" height=\"300\" srcset=\"https:\/\/www.gimdes.org\/helal-gida\/wp-content\/uploads\/2025\/07\/15-temmuz-2025x-240x300.jpg 240w, https:\/\/www.gimdes.org\/helal-gida\/wp-content\/uploads\/2025\/07\/15-temmuz-2025x.jpg 400w\" sizes=\"auto, (max-width: 240px) 100vw, 240px\" \/><\/a><br \/>\n<b>\u201cOnlar hileye ba\u015fvurdular, Allah da onlar\u0131n tuza\u011f\u0131n\u0131 bo\u015fa \u00e7\u0131kard\u0131. Allah hileleri bo\u015fa \u00e7\u0131karanlar\u0131n en hay\u0131rl\u0131s\u0131d\u0131r. (Ali \u0130mran, ayet 54)<\/b><\/p>\n<p>\u00dclkemiz \u00fczerinde bir ihanet yuma\u011f\u0131 gibi salland\u0131r\u0131lan darbe ve darbecileri milletimiz 15 Temmuz gecesi bir daha \u00e7\u0131kmamak \u00fczere yerin derinliklerine g\u00f6mm\u00fc\u015ft\u00fcr. Dokuz y\u0131l ge\u00e7mesine ra\u011fmen\u201c15 Temmuz\u2019u unut mad\u0131k, unutmayaca\u011f\u0131z\u201d<\/p>\n<p><b>\u201cM\u0130LLET\u0130N S\u0130LAHI \u0130LE M\u0130LLET\u0130 YOK ETMEYE \u00c7ALI\u015eTILAR\u201d<\/b><\/p>\n<p>\u201cT\u00fcrkiye\u2019miz 15 Temmuz\u2019da korkun\u00e7 bir kabus ya\u015fad\u0131. T.C. n\u00fcfus c\u00fczdan\u0131n\u0131 ta\u015f\u0131yan ve kendi g\u00f6revlendirdi\u011fi insanlar taraf\u0131ndan bulunduklar\u0131 devlet kurumlar\u0131ndan gasp ettikleri milletin silah\u0131 ile, milletin u\u00e7a\u011f\u0131 ile, milletin helikopteri ile, milletin tank\u0131 ile topyek\u00fbn bir milleti yok etmeye \u00e7al\u0131\u015ft\u0131lar. Ama Allah onlara bu f\u0131rsat\u0131 vermedi. En ince teferruat\u0131na kadar haz\u0131rlad\u0131klar\u0131 ihanet bombas\u0131 ellerinde patlad\u0131. Bu g\u00fcn, d\u0131\u015f d\u00fc\u015fman g\u00fc\u00e7lerin emri ile, Vatana, millete ve devlete kar\u015f\u0131, haince bir darbe giri\u015fiminde bulunanlar\u0131 bir kez daha lanetliyoruz. FET\u00d6 ter\u00f6r \u00f6rg\u00fct\u00fcn\u00fcn sald\u0131r\u0131, hile ve tuzaklar\u0131na kar\u015f\u0131 destani bir direni\u015fle kar\u015f\u0131 duran milletimizi ve milletin yan\u0131nda yer alan kahramanlar\u0131m\u0131z\u0131 tebrik ediyoruz. Bu onurlu m\u00fccadelede yer alanlar\u0131 \u015f\u00fckranla yad ediyoruz. \u015eehitlerimize Allah\u2019tan rahmet, gazilerimize sa\u011fl\u0131k ve esenlikler diliyoruz.\u201d<\/p>\n<p><b>\u201cFET\u00d6 \u00c7ETES\u0130 HA\u0130N, HIRSIZ VE EMPERYAL\u0130ST G\u00dc\u00c7LER\u0130N EMR\u0130NDE B\u0130R \u00c7ETED\u0130R\u201d<\/b><\/p>\n<p>\u201c15 Temmuz hain darbe giri\u015fimini t\u00fcm imk\u00e2nlar\u0131 ile bertaraf eden T\u00fcrkiye, bug\u00fcn daha da g\u00fc\u00e7lenmi\u015f ve t\u00fcm d\u00fcnya mazlumlar\u0131na umut olmu\u015ftur. Millet\u00e7e yeniden var olman\u0131n bir sembol\u00fc olan \u201c15 Temmuz\u201d, hem milli birlik ve beraberli\u011fimizin hem de milli dirili\u015fimizin y\u0131l d\u00f6n\u00fcm\u00fcd\u00fcr. Bu muhte\u015fem g\u00fcn\u00fcn dokuzuncu y\u0131l d\u00f6n\u00fcm\u00fcn\u00fc idrak ediyoruz. Daha ayd\u0131nl\u0131k g\u00fcnler i\u00e7in birlik ve beraberlik i\u00e7inde, 15 Temmuz ruhunu gelecek nesillere aktarmal\u0131y\u0131z.<\/p>\n<p><b>HER ZAMAN \u015e\u0130ARIMIZ ADALET<\/b><\/p>\n<p>Biz, iman\u0131m\u0131z\u0131, birlik ve beraberli\u011fimizi, huzur ve karde\u015fli\u011fimizi hedef alan \u2018FET\u00d6\u2019c\u00fcl\u00fck\u2019 ile m\u00fccadelede dikkatli olmal\u0131y\u0131z. FET\u00d6\u2019c\u00fcl\u00fck bir kal\u0131pt\u0131r. Bu kal\u0131b\u0131 iyi tan\u0131mal\u0131y\u0131z. Bu kal\u0131p kime uyuyorsa ona \u2018FET\u00d6\u2019c\u00fc\u2019 diyece\u011fiz. Bu kal\u0131p; yalan, talan, iftira ve amac\u0131na ula\u015fmak i\u00e7in her \u015feyi me\u015fru g\u00f6rmektir. \u0130nsanlar\u0131n kabahatlerini tespit edip \u015fantaj olarak kullanmakt\u0131r, soru \u00e7almakt\u0131r. \u0130nanmad\u0131\u011f\u0131 gibi g\u00f6r\u00fcnmek, hak etmedi\u011fi bir makama gelmek i\u00e7in her yola ba\u015fvurmakt\u0131r. M\u00fcptezel davas\u0131 i\u00e7in namusunu, milletini, vatan\u0131n\u0131 satabilmektir. FET\u00d6\u2019c\u00fclerin T\u00fcrkiye\u2019yi ne hale sokmak istedi\u011fi y\u0131llard\u0131r herkes taraf\u0131ndan g\u00f6r\u00fclmektedir. B\u00fct\u00fcn bu s\u00fcre\u00e7lerin muhasebesini iyi yapmaz ve 15 Temmuz\u2019u hafife al\u0131rsak benzer kalk\u0131\u015fmalar\u0131n \u00f6n\u00fcn\u00fc alamay\u0131z. 15 Temmuz\u2019u ciddiye almal\u0131y\u0131z\u201d gerek\u00e7esiyle hakl\u0131 ile haks\u0131z\u0131n, zalim ile mazlumun ayn\u0131 kefeye konmamas\u0131 i\u00e7in de adaleti elden b\u0131rakmamal\u0131y\u0131z.\u201d<\/p>\n<p>Anadolu insanlar\u0131na \u00f6zellikle son bir as\u0131rda reva g\u00f6r\u00fclen bunca sava\u015f, ter\u00f6r, darbe, zul\u00fcm, kah\u0131r, kan ve g\u00f6zya\u015f\u0131na ra\u011fmen; Bize, 15 Temmuz darbesini ya\u015fatanlar\u0131 unutmayaca\u011f\u0131z. Tekrarlanmas\u0131na da asla m\u00fcsaade etmeyece\u011fiz. Bu \u00fclkeye, milletimize ve gelece\u011fimize sahip \u00e7\u0131kma, bize umudunu ba\u011flayan d\u00fcnya M\u00fcsl\u00fcmanlar\u0131 ve ma\u011fdurlar\u0131 ad\u0131na, \u00fclkemizi daha ileriye ta\u015f\u0131mak i\u00e7in elimizden geldi\u011fince \u00e7al\u0131\u015fmaya, m\u00fccadele etmeye devam edece\u011fiz.<\/p>\n","protected":false},"excerpt":{"rendered":"<p>Dr. H\u00fcseyin K\u00e2mi B\u00dcY\u00dcK\u00d6ZER \u201cOnlar hileye ba\u015fvurdular, Allah da onlar\u0131n tuza\u011f\u0131n\u0131 bo\u015fa \u00e7\u0131kard\u0131. Allah hileleri bo\u015fa \u00e7\u0131karanlar\u0131n en hay\u0131rl\u0131s\u0131d\u0131r. (Ali \u0130mran, ayet 54) \u00dclkemiz \u00fczerinde bir ihanet yuma\u011f\u0131 gibi salland\u0131r\u0131lan darbe ve darbecileri milletimiz 15 Temmuz gecesi bir daha \u00e7\u0131kmamak \u00fczere yerin derinliklerine g\u00f6mm\u00fc\u015ft\u00fcr. Dokuz y\u0131l ge\u00e7mesine ra\u011fmen\u201c15 Temmuz\u2019u unut mad\u0131k, unutmayaca\u011f\u0131z\u201d \u201cM\u0130LLET\u0130N S\u0130LAHI \u0130LE [&hellip;]<\/p>\n","protected":false},"author":1,"featured_media":0,"comment_status":"open","ping_status":"open","sticky":false,"template":"","format":"gallery","meta":{"footnotes":""},"categories":[3],"tags":[],"class_list":["post-595","post","type-post","status-publish","format-gallery","hentry","category-haberler","post_format-post-format-gallery"],"_links":{"self":[{"href":"https:\/\/www.gimdes.org\/helal-gida\/index.php?rest_route=\/wp\/v2\/posts\/595","targetHints":{"allow":["GET"]}}],"collection":[{"href":"https:\/\/www.gimdes.org\/helal-gida\/index.php?rest_route=\/wp\/v2\/posts"}],"about":[{"href":"https:\/\/www.gimdes.org\/helal-gida\/index.php?rest_route=\/wp\/v2\/types\/post"}],"author":[{"embeddable":true,"href":"https:\/\/www.gimdes.org\/helal-gida\/index.php?rest_route=\/wp\/v2\/users\/1"}],"replies":[{"embeddable":true,"href":"https:\/\/www.gimdes.org\/helal-gida\/index.php?rest_route=%2Fwp%2Fv2%2Fcomments&post=595"}],"version-history":[{"count":1,"href":"https:\/\/www.gimdes.org\/helal-gida\/index.php?rest_route=\/wp\/v2\/posts\/595\/revisions"}],"predecessor-version":[{"id":597,"href":"https:\/\/www.gimdes.org\/helal-gida\/index.php?rest_route=\/wp\/v2\/posts\/595\/revisions\/597"}],"wp:attachment":[{"href":"https:\/\/www.gimdes.org\/helal-gida\/index.php?rest_route=%2Fwp%2Fv2%2Fmedia&parent=595"}],"wp:term":[{"taxonomy":"category","embeddable":true,"href":"https:\/\/www.gimdes.org\/helal-gida\/index.php?rest_route=%2Fwp%2Fv2%2Fcategories&post=595"},{"taxonomy":"post_tag","embeddable":true,"href":"https:\/\/www.gimdes.org\/helal-gida\/index.php?rest_route=%2Fwp%2Fv2%2Ftags&post=595"}],"curies":[{"name":"wp","href":"https:\/\/api.w.org\/{rel}","templated":true}]}}