{"id":469,"date":"2025-04-17T09:13:03","date_gmt":"2025-04-17T06:13:03","guid":{"rendered":"https:\/\/www.gimdes.org\/helal-gida\/?p=469"},"modified":"2025-04-17T09:13:03","modified_gmt":"2025-04-17T06:13:03","slug":"tbmm-de-gorusulmeye-baslanmis-iklim-kanunu-mevcut-haliyle-hangi-tehlikelere-sebep-olacaktir","status":"publish","type":"post","link":"https:\/\/www.gimdes.org\/helal-gida\/?p=469","title":{"rendered":"TBMM DE G\u00d6R\u00dc\u015e\u00dcLMEYE BA\u015eLANMI\u015e \u0130KL\u0130M KANUNU MEVCUT HAL\u0130YLE HANG\u0130 TEHL\u0130KELERE SEBEP OLACAKTIR?"},"content":{"rendered":"<p>Dr. H\u00fcseyin K\u00e2mi B\u00dcY\u00dcK\u00d6ZER<br \/>\n<a href=\"http:\/\/www.gimdes.org\/helal-gida\/wp-content\/uploads\/2025\/04\/iklim-kanunu.jpg\"><img loading=\"lazy\" decoding=\"async\" class=\"alignright size-medium wp-image-470\" src=\"http:\/\/www.gimdes.org\/helal-gida\/wp-content\/uploads\/2025\/04\/iklim-kanunu-300x187.jpg\" alt=\"\" width=\"300\" height=\"187\" srcset=\"https:\/\/www.gimdes.org\/helal-gida\/wp-content\/uploads\/2025\/04\/iklim-kanunu-300x187.jpg 300w, https:\/\/www.gimdes.org\/helal-gida\/wp-content\/uploads\/2025\/04\/iklim-kanunu.jpg 450w\" sizes=\"auto, (max-width: 300px) 100vw, 300px\" \/><\/a><br \/>\nT\u00fcrkiye&#8217;nin 2053 y\u0131l\u0131na kadar net s\u0131f\u0131r emisyon \u00fcreten ekonomi olma taahh\u00fcd\u00fc do\u011frultusunda sera gaz\u0131 emisyonlar\u0131n\u0131n azalt\u0131lmas\u0131 iddias\u0131 ile haz\u0131rlanan yasa tasar\u0131s\u0131 bu hedef do\u011frultusunda planlama ve uygulama ara\u00e7lar\u0131n\u0131 d\u00fczenleyecek.<\/p>\n<p>20 ve iki de ge\u00e7ici maddeden olu\u015fan teklifin komisyonda g\u00f6r\u00fc\u015fme a\u015famas\u0131 devam ediyor. Kanun kapsam\u0131nda \u00c7evre ve \u015eehircilik Bakanl\u0131\u011f\u0131 \u0130klim De\u011fi\u015fikli\u011fi Ba\u015fkanl\u0131\u011f\u0131 taraf\u0131ndan sera gaz\u0131 emisyon tahsisatlar\u0131n\u0131n al\u0131n\u0131p sat\u0131ld\u0131\u011f\u0131 emisyon ticaret sistemi (ETS) ve Karbon Piyasas\u0131n\u0131n Kurulmas\u0131 d\u00fc\u015f\u00fcn\u00fclmektedir.<\/p>\n<p>T\u00fcrkiye\u2019nin ilk \u0130klim Kanunu teklifi olmas\u0131 sebebi ile, 21. y\u00fczy\u0131l\u0131n en b\u00fcy\u00fck halk sa\u011fl\u0131\u011f\u0131 krizlerinden biri olan iklim de\u011fi\u015fikli\u011fini, uzmanlar\u0131n iddias\u0131na g\u00f6re, g\u00f6rmezden gelinerek, halk\u0131n ya\u015fam hakk\u0131n\u0131, piyasan\u0131n insaf\u0131na terk edilmektedir. Bilim insanlar\u0131 ve sa\u011fl\u0131k \u00f6rg\u00fctleri y\u0131llard\u0131r iklim krizinin \u00f6l\u00fcmc\u00fcl etkilerine dikkat \u00e7ekerken, Meclis\u2019e sunulan bu yasa teklifi, do\u011fa ve toplum sa\u011fl\u0131\u011f\u0131n\u0131n korunmas\u0131na y\u00f6nelik somut politika ve hedefler i\u00e7ermemektedir.<br \/>\n<!--more--><br \/>\n\u0130klim de\u011fi\u015fikli\u011fi, \u00e7e\u015fitli bilim kurulu\u015flar\u0131 taraf\u0131ndan 21. y\u00fczy\u0131l\u0131n en b\u00fcy\u00fck sa\u011fl\u0131k tehdidi olarak g\u00f6r\u00fcl\u00fcyor. Bilimsel \u00e7al\u0131\u015fmalar g\u00f6steriyor ki, iklim de\u011fi\u015fikli\u011fi ya\u015fam alanlar\u0131m\u0131za ve ya\u015famlar\u0131m\u0131za telafisi imk\u00e2ns\u0131z zararlar vermeye ba\u015flad\u0131 ve gerekli ad\u0131mlar at\u0131lmad\u0131\u011f\u0131 m\u00fcddet\u00e7e bu zararlar her ge\u00e7en g\u00fcn artmaya devam edecek. \u0130klim krizi ile birlikte, insan sa\u011fl\u0131\u011f\u0131, hem a\u015f\u0131r\u0131 hava olaylar\u0131, y\u00fckselen s\u0131cakl\u0131klar ve artan hava kirlili\u011fi nedeniyle hem do\u011frudan, hem de sa\u011fl\u0131\u011f\u0131n \u00f6nemli belirleyicileri olan g\u0131daya eri\u015fim, suya eri\u015fim, bar\u0131nma ko\u015fullar\u0131nda ya\u015fanacak de\u011fi\u015fimler nedeniyle dolayl\u0131 olarak etkilenecek.<\/p>\n<p>Halkla ve halk\u0131n sa\u011fl\u0131\u011f\u0131 ile ilgilenen \u00d6rg\u00fctler; Nas\u0131l Bir \u0130klim Kanunu \u0130stiyor? Ancak, TBMM\u2019ye sunulan \u0130klim Kanunu teklifi iklim krizinden en \u00f6nce etkilenecek olan halk\u0131n sa\u011fl\u0131k alan\u0131n\u0131 g\u00f6z ard\u0131 etti\u011fi, Kamu yarar\u0131na \u00e7al\u0131\u015fan ilgili meslek \u00f6rg\u00fctlerini, halk sa\u011fl\u0131\u011f\u0131n\u0131 hi\u00e7e sayan, bilimsellikten uzak, bilim insanlar\u0131na, demokratik kitle ve meslek \u00f6rg\u00fctlerine, sendikalara, sivil toplum kurulu\u015flar\u0131na kapal\u0131 bir s\u00fcre\u00e7le haz\u0131rlanm\u0131\u015f bu teklifi \u00f6nemli bir kesim kabul etmiyor. Kanun teklifinin geri \u00e7ekilmesi temel noktalar\u0131 i\u00e7eren yeni bir kanun haz\u0131rlanmas\u0131 talep edilmektedir.<\/p>\n","protected":false},"excerpt":{"rendered":"<p>Dr. H\u00fcseyin K\u00e2mi B\u00dcY\u00dcK\u00d6ZER T\u00fcrkiye&#8217;nin 2053 y\u0131l\u0131na kadar net s\u0131f\u0131r emisyon \u00fcreten ekonomi olma taahh\u00fcd\u00fc do\u011frultusunda sera gaz\u0131 emisyonlar\u0131n\u0131n azalt\u0131lmas\u0131 iddias\u0131 ile haz\u0131rlanan yasa tasar\u0131s\u0131 bu hedef do\u011frultusunda planlama ve uygulama ara\u00e7lar\u0131n\u0131 d\u00fczenleyecek. 20 ve iki de ge\u00e7ici maddeden olu\u015fan teklifin komisyonda g\u00f6r\u00fc\u015fme a\u015famas\u0131 devam ediyor. Kanun kapsam\u0131nda \u00c7evre ve \u015eehircilik Bakanl\u0131\u011f\u0131 \u0130klim De\u011fi\u015fikli\u011fi Ba\u015fkanl\u0131\u011f\u0131 [&hellip;]<\/p>\n","protected":false},"author":1,"featured_media":0,"comment_status":"open","ping_status":"open","sticky":false,"template":"","format":"gallery","meta":{"footnotes":""},"categories":[3],"tags":[],"class_list":["post-469","post","type-post","status-publish","format-gallery","hentry","category-haberler","post_format-post-format-gallery"],"_links":{"self":[{"href":"https:\/\/www.gimdes.org\/helal-gida\/index.php?rest_route=\/wp\/v2\/posts\/469","targetHints":{"allow":["GET"]}}],"collection":[{"href":"https:\/\/www.gimdes.org\/helal-gida\/index.php?rest_route=\/wp\/v2\/posts"}],"about":[{"href":"https:\/\/www.gimdes.org\/helal-gida\/index.php?rest_route=\/wp\/v2\/types\/post"}],"author":[{"embeddable":true,"href":"https:\/\/www.gimdes.org\/helal-gida\/index.php?rest_route=\/wp\/v2\/users\/1"}],"replies":[{"embeddable":true,"href":"https:\/\/www.gimdes.org\/helal-gida\/index.php?rest_route=%2Fwp%2Fv2%2Fcomments&post=469"}],"version-history":[{"count":1,"href":"https:\/\/www.gimdes.org\/helal-gida\/index.php?rest_route=\/wp\/v2\/posts\/469\/revisions"}],"predecessor-version":[{"id":471,"href":"https:\/\/www.gimdes.org\/helal-gida\/index.php?rest_route=\/wp\/v2\/posts\/469\/revisions\/471"}],"wp:attachment":[{"href":"https:\/\/www.gimdes.org\/helal-gida\/index.php?rest_route=%2Fwp%2Fv2%2Fmedia&parent=469"}],"wp:term":[{"taxonomy":"category","embeddable":true,"href":"https:\/\/www.gimdes.org\/helal-gida\/index.php?rest_route=%2Fwp%2Fv2%2Fcategories&post=469"},{"taxonomy":"post_tag","embeddable":true,"href":"https:\/\/www.gimdes.org\/helal-gida\/index.php?rest_route=%2Fwp%2Fv2%2Ftags&post=469"}],"curies":[{"name":"wp","href":"https:\/\/api.w.org\/{rel}","templated":true}]}}