{"id":463,"date":"2025-04-17T09:08:40","date_gmt":"2025-04-17T06:08:40","guid":{"rendered":"https:\/\/www.gimdes.org\/helal-gida\/?p=463"},"modified":"2025-04-17T09:08:40","modified_gmt":"2025-04-17T06:08:40","slug":"gimdes-yine-hakli-cikti-domuzdan-bir-parca-ihtiva-eden-tekstil-ve-ayakabi-gibi-esyalar-icin-etiket-mecburiyeti-getiriliyor","status":"publish","type":"post","link":"https:\/\/www.gimdes.org\/helal-gida\/?p=463","title":{"rendered":"G\u0130MDES Y\u0130NE HAKLI \u00c7IKTI- DOMUZDAN B\u0130R PAR\u00c7A \u0130HT\u0130VA EDEN TEKST\u0130L VE AYAKABI G\u0130B\u0130 E\u015eYALAR \u0130\u00c7\u0130N ET\u0130KET MECBUR\u0130YET\u0130 GET\u0130R\u0130L\u0130YOR"},"content":{"rendered":"<p>Dr. H\u00fcseyin K\u00e2mi B\u00dcY\u00dcK\u00d6ZER<br \/>\n<a href=\"http:\/\/www.gimdes.org\/helal-gida\/wp-content\/uploads\/2025\/04\/resmi-gazete.jpg\"><img loading=\"lazy\" decoding=\"async\" class=\"alignright size-full wp-image-464\" src=\"http:\/\/www.gimdes.org\/helal-gida\/wp-content\/uploads\/2025\/04\/resmi-gazete.jpg\" alt=\"\" width=\"300\" height=\"168\" \/><\/a><br \/>\nG\u0130MDES\u2019i kurdu\u011fumuz 2005 y\u0131l\u0131ndan beri, \u00fczerinde durdu\u011fumuz domuz derisinden yap\u0131lm\u0131\u015f ayakkab\u0131, ceket, \u00e7anta, kemer, ev ve b\u00fcro koltuk ve sandalye vs \u00fcr\u00fcnlerde haberimiz olmadan bu \u00fcr\u00fcnlerin domuz deriler kullan\u0131larak t\u00fcketimimize sunuldu\u011funu tesbit etti\u011fimizi \u00e7e\u015fitli yaz\u0131lar\u0131m\u0131zla halk\u0131m\u0131z\u0131 bilgilendirmeye, devlet kurumlar\u0131m\u0131z\u0131 ikaz etmeye \u00e7al\u0131\u015ft\u0131k. Ama bug\u00fcne kadar mesul makamlara sesimizi duyuramad\u0131k. Nihayet haber ajanslar\u0131nda Ticaret Bakanl\u0131\u011f\u0131m\u0131z bu \u00e7ok \u00f6nemli konuda yasa teklifi haz\u0131rlamak i\u00e7in harekete ge\u00e7mi\u015f oldu\u011funu \u00f6\u011frendik.<\/p>\n<p>Ticaret Bakanl\u0131\u011f\u0131 taraf\u0131ndan haz\u0131rlanan tebli\u011fe g\u00f6re; tekstil ve ayakkab\u0131 gibi hayvansal par\u00e7a i\u00e7eren \u00fcr\u00fcnlerde bu par\u00e7alar\u0131n hangi hayvandan elde edildi\u011finin, \u00fcr\u00fcn\u00fcn \u00fczerinde, etiketinde, ambalaj\u0131nda ya da \u00fcr\u00fcne e\u015flik eden belgelerde T\u00fcrk\u00e7e ve a\u00e7\u0131k \u015fekilde belirtilmesi zorunlu hale getirildi.<br \/>\n<!--more--><br \/>\nResmi Gazete\u2019de yay\u0131mlanan yeni tebli\u011fle, tekstil ve ayakkab\u0131 ba\u015fta olmak \u00fczere, Ticaret Bakanl\u0131\u011f\u0131n\u0131n sorumlulu\u011funda bulunan t\u00fcketici \u00fcr\u00fcnlerinde hayvansal men\u015feli par\u00e7a yer almas\u0131 durumunda, bu par\u00e7alar\u0131n hangi hayvandan elde edildi\u011fine dair bilginin t\u00fcketicilere belirtilmesi zorunlu hale getirildi.<\/p>\n<p>Buna g\u00f6re, t\u00fcketicilere yap\u0131lacak bu bilgilendirmenin \u00fcr\u00fcn\u00fcn etiketinde, ambalaj\u0131nda, \u00fczerinde veya \u00fcr\u00fcne e\u015flik eden bir belgede yer almas\u0131, uzaktan ileti\u015fim ara\u00e7lar\u0131 yoluyla yap\u0131lan sat\u0131\u015flarda da, bu bilginin \u00fcr\u00fcn\u00fcn \u00f6zelliklerinin belirtildi\u011fi alanda t\u00fcketiciye sunulmas\u0131, bilgilendirmenin sat\u0131n alma i\u015fleminden \u00f6nce a\u00e7\u0131k, okunabilir ve yan\u0131lt\u0131c\u0131 olmayacak \u015fekilde T\u00fcrk\u00e7e yap\u0131lmas\u0131, zorunlulu\u011fu getirildi.<\/p>\n","protected":false},"excerpt":{"rendered":"<p>Dr. H\u00fcseyin K\u00e2mi B\u00dcY\u00dcK\u00d6ZER G\u0130MDES\u2019i kurdu\u011fumuz 2005 y\u0131l\u0131ndan beri, \u00fczerinde durdu\u011fumuz domuz derisinden yap\u0131lm\u0131\u015f ayakkab\u0131, ceket, \u00e7anta, kemer, ev ve b\u00fcro koltuk ve sandalye vs \u00fcr\u00fcnlerde haberimiz olmadan bu \u00fcr\u00fcnlerin domuz deriler kullan\u0131larak t\u00fcketimimize sunuldu\u011funu tesbit etti\u011fimizi \u00e7e\u015fitli yaz\u0131lar\u0131m\u0131zla halk\u0131m\u0131z\u0131 bilgilendirmeye, devlet kurumlar\u0131m\u0131z\u0131 ikaz etmeye \u00e7al\u0131\u015ft\u0131k. Ama bug\u00fcne kadar mesul makamlara sesimizi duyuramad\u0131k. Nihayet haber [&hellip;]<\/p>\n","protected":false},"author":1,"featured_media":0,"comment_status":"open","ping_status":"open","sticky":false,"template":"","format":"gallery","meta":{"footnotes":""},"categories":[3],"tags":[],"class_list":["post-463","post","type-post","status-publish","format-gallery","hentry","category-haberler","post_format-post-format-gallery"],"_links":{"self":[{"href":"https:\/\/www.gimdes.org\/helal-gida\/index.php?rest_route=\/wp\/v2\/posts\/463","targetHints":{"allow":["GET"]}}],"collection":[{"href":"https:\/\/www.gimdes.org\/helal-gida\/index.php?rest_route=\/wp\/v2\/posts"}],"about":[{"href":"https:\/\/www.gimdes.org\/helal-gida\/index.php?rest_route=\/wp\/v2\/types\/post"}],"author":[{"embeddable":true,"href":"https:\/\/www.gimdes.org\/helal-gida\/index.php?rest_route=\/wp\/v2\/users\/1"}],"replies":[{"embeddable":true,"href":"https:\/\/www.gimdes.org\/helal-gida\/index.php?rest_route=%2Fwp%2Fv2%2Fcomments&post=463"}],"version-history":[{"count":1,"href":"https:\/\/www.gimdes.org\/helal-gida\/index.php?rest_route=\/wp\/v2\/posts\/463\/revisions"}],"predecessor-version":[{"id":465,"href":"https:\/\/www.gimdes.org\/helal-gida\/index.php?rest_route=\/wp\/v2\/posts\/463\/revisions\/465"}],"wp:attachment":[{"href":"https:\/\/www.gimdes.org\/helal-gida\/index.php?rest_route=%2Fwp%2Fv2%2Fmedia&parent=463"}],"wp:term":[{"taxonomy":"category","embeddable":true,"href":"https:\/\/www.gimdes.org\/helal-gida\/index.php?rest_route=%2Fwp%2Fv2%2Fcategories&post=463"},{"taxonomy":"post_tag","embeddable":true,"href":"https:\/\/www.gimdes.org\/helal-gida\/index.php?rest_route=%2Fwp%2Fv2%2Ftags&post=463"}],"curies":[{"name":"wp","href":"https:\/\/api.w.org\/{rel}","templated":true}]}}