{"id":435,"date":"2025-03-20T12:11:09","date_gmt":"2025-03-20T09:11:09","guid":{"rendered":"https:\/\/www.gimdes.org\/helal-gida\/?p=435"},"modified":"2025-03-20T12:11:09","modified_gmt":"2025-03-20T09:11:09","slug":"gimdes-ve-dunya-helal-vakfi-deprem-bolgesinde-iftar-programi-duzenlendi","status":"publish","type":"post","link":"https:\/\/www.gimdes.org\/helal-gida\/?p=435","title":{"rendered":"G\u0130MDES VE D\u00dcNYA HELAL VAKFI DEPREM B\u00d6LGES\u0130NDE \u0130FTAR PROGRAMI D\u00dcZENLEND\u0130!"},"content":{"rendered":"<p><span style=\"color: 000000; font-size: small;\"><big>Dr. H\u00fcseyin K\u00e2mi B\u00dcY\u00dcK\u00d6ZER<br \/>\n<a href=\"http:\/\/www.gimdes.org\/helal-gida\/wp-content\/uploads\/2025\/03\/deprem-bolgesi-haber.jpg\"><img loading=\"lazy\" decoding=\"async\" class=\"alignright size-medium wp-image-436\" src=\"http:\/\/www.gimdes.org\/helal-gida\/wp-content\/uploads\/2025\/03\/deprem-bolgesi-haber-300x225.jpg\" alt=\"\" width=\"300\" height=\"225\" srcset=\"https:\/\/www.gimdes.org\/helal-gida\/wp-content\/uploads\/2025\/03\/deprem-bolgesi-haber-300x225.jpg 300w, https:\/\/www.gimdes.org\/helal-gida\/wp-content\/uploads\/2025\/03\/deprem-bolgesi-haber.jpg 450w\" sizes=\"auto, (max-width: 300px) 100vw, 300px\" \/><\/a><br \/>\nG\u0130MDES VE D\u00dcNYA HELAL VAKFI deprem b\u00f6lgesinde iftar yeme\u011fi programlar\u0131 d\u00fczenlendi.<\/p>\n<p>17 Ramazan d\u00fcnya helal g\u00fcn\u00fcnde Malatya ve Gaziantep illerimizde sizlerin deste\u011fi ile iftar yeme\u011fi verdik. Malatya\u2019da Ahmediye cami k\u0131z kuran kursunda haf\u0131zlara ve talebelere iftar verildi.<\/p>\n<p>Programa Helal ve Tayyip g\u0131dan\u0131n \u00f6nemi anlat\u0131larak ba\u015fland\u0131. Daha sonra Helal g\u0131da \u015fuurunu artt\u0131r\u0131c\u0131 bro\u015f\u00fcrler da\u011f\u0131t\u0131ld\u0131. 140 haf\u0131z ve talebeye iftar verildi.<\/p>\n<p>Gaziantep ilimizde ise dul, yetim ve depremzedelere iftar yeme\u011fi verildi. Gaziantepde 500 karde\u015fimize iftar yeme\u011fi da\u011f\u0131t\u0131ld\u0131.<\/p>\n<p>Malatya HALAL DUNYA MARKET\u0130 sahibi Murat Demirkola, Gaziantep HALAL DUNYA MARKET\u0130 sahibi Vedat Kanara ve bu hizmetin ger\u00e7ekle\u015fmesine vesile olan b\u00fct\u00fcn hay\u0131rseverlerimize desteklerinden dolay\u0131 te\u015fekk\u00fcr ederiz. Rabbim yapt\u0131\u011f\u0131m\u0131z hay\u0131rlar\u0131 kabul etsin.<\/big><\/span><\/p>\n","protected":false},"excerpt":{"rendered":"<p>Dr. H\u00fcseyin K\u00e2mi B\u00dcY\u00dcK\u00d6ZER G\u0130MDES VE D\u00dcNYA HELAL VAKFI deprem b\u00f6lgesinde iftar yeme\u011fi programlar\u0131 d\u00fczenlendi. 17 Ramazan d\u00fcnya helal g\u00fcn\u00fcnde Malatya ve Gaziantep illerimizde sizlerin deste\u011fi ile iftar yeme\u011fi verdik. Malatya\u2019da Ahmediye cami k\u0131z kuran kursunda haf\u0131zlara ve talebelere iftar verildi. Programa Helal ve Tayyip g\u0131dan\u0131n \u00f6nemi anlat\u0131larak ba\u015fland\u0131. Daha sonra Helal g\u0131da \u015fuurunu artt\u0131r\u0131c\u0131 [&hellip;]<\/p>\n","protected":false},"author":1,"featured_media":0,"comment_status":"open","ping_status":"open","sticky":false,"template":"","format":"gallery","meta":{"footnotes":""},"categories":[3],"tags":[],"class_list":["post-435","post","type-post","status-publish","format-gallery","hentry","category-haberler","post_format-post-format-gallery"],"_links":{"self":[{"href":"https:\/\/www.gimdes.org\/helal-gida\/index.php?rest_route=\/wp\/v2\/posts\/435","targetHints":{"allow":["GET"]}}],"collection":[{"href":"https:\/\/www.gimdes.org\/helal-gida\/index.php?rest_route=\/wp\/v2\/posts"}],"about":[{"href":"https:\/\/www.gimdes.org\/helal-gida\/index.php?rest_route=\/wp\/v2\/types\/post"}],"author":[{"embeddable":true,"href":"https:\/\/www.gimdes.org\/helal-gida\/index.php?rest_route=\/wp\/v2\/users\/1"}],"replies":[{"embeddable":true,"href":"https:\/\/www.gimdes.org\/helal-gida\/index.php?rest_route=%2Fwp%2Fv2%2Fcomments&post=435"}],"version-history":[{"count":1,"href":"https:\/\/www.gimdes.org\/helal-gida\/index.php?rest_route=\/wp\/v2\/posts\/435\/revisions"}],"predecessor-version":[{"id":437,"href":"https:\/\/www.gimdes.org\/helal-gida\/index.php?rest_route=\/wp\/v2\/posts\/435\/revisions\/437"}],"wp:attachment":[{"href":"https:\/\/www.gimdes.org\/helal-gida\/index.php?rest_route=%2Fwp%2Fv2%2Fmedia&parent=435"}],"wp:term":[{"taxonomy":"category","embeddable":true,"href":"https:\/\/www.gimdes.org\/helal-gida\/index.php?rest_route=%2Fwp%2Fv2%2Fcategories&post=435"},{"taxonomy":"post_tag","embeddable":true,"href":"https:\/\/www.gimdes.org\/helal-gida\/index.php?rest_route=%2Fwp%2Fv2%2Ftags&post=435"}],"curies":[{"name":"wp","href":"https:\/\/api.w.org\/{rel}","templated":true}]}}