{"id":432,"date":"2025-03-20T12:09:17","date_gmt":"2025-03-20T09:09:17","guid":{"rendered":"https:\/\/www.gimdes.org\/helal-gida\/?p=432"},"modified":"2025-03-20T12:09:17","modified_gmt":"2025-03-20T09:09:17","slug":"17-ramazan-dhv-gimdes-iftarimiz-istanbulda-sertifikali-restoranimizda-kutlandi","status":"publish","type":"post","link":"https:\/\/www.gimdes.org\/helal-gida\/?p=432","title":{"rendered":"17 RAMAZAN DHV &#038; G\u0130MDES \u0130FTARIMIZ \u0130STANBUL\u2019DA SERT\u0130F\u0130KALI RESTORANIMIZDA KUTLANDI!"},"content":{"rendered":"<p>Dr. H\u00fcseyin K\u00e2mi B\u00dcY\u00dcK\u00d6ZER<br \/>\n<a href=\"http:\/\/www.gimdes.org\/helal-gida\/wp-content\/uploads\/2025\/03\/dgrif.jpg\"><img loading=\"lazy\" decoding=\"async\" class=\"alignright size-full wp-image-433\" src=\"http:\/\/www.gimdes.org\/helal-gida\/wp-content\/uploads\/2025\/03\/dgrif.jpg\" alt=\"\" width=\"300\" height=\"225\" \/><\/a><br \/>\n100 y\u0131ld\u0131r gayrim\u00fcslimlerin ya\u015fant\u0131lar\u0131 M\u00fcsl\u00fcmanlara empoze edilmeye \u00e7al\u0131\u015f\u0131l\u0131yor. Bu y\u00fczden insanlar\u0131n temay\u00fcl g\u00f6stermedikleri Helal lokma sorumlulu\u011fumuzu hat\u0131rlatmak gayesiyle, hep birlikte Allah\u2019\u0131n ipine sar\u0131larak hayat\u0131m\u0131z\u0131n helalle\u015fmesine katk\u0131 sa\u011flamas\u0131 maksad\u0131yla, 2013 y\u0131l\u0131nda World Halal Council \u015femsiyesi alt\u0131nda ba\u015flatt\u0131\u011f\u0131m\u0131z 17 Ramazan D\u00fcnya Helal G\u00fcn\u00fc kutlamalar\u0131nda bu y\u0131l 13. senemizi idrak ettik.<\/p>\n<p>D\u00fcn (17 Mart 2025 &#8211; 17 Ramazan 1446) tarihinde d\u00fcnyan\u0131n pek \u00e7ok farkl\u0131 \u00fclkesinde 17 Ramazan D\u00fcnya Helal G\u00fcn\u00fcn\u00fcn \u00f6nemine binaen \u00e7e\u015fitli etkinlikler organize edildi. Bu etkinliklerden baz\u0131lar\u0131:<\/p>\n<p>\u00b7 Say\u0131s\u0131 100\u2019e yak\u0131n Halal Dunya Marketlerinde 17 Ramazan G\u00fcn\u00fc ile ilgili tan\u0131t\u0131mlar yap\u0131ld\u0131, o g\u00fcne ait materyaller da\u011f\u0131t\u0131ld\u0131 (balon, bro\u015f\u00fcr vb.). Malatya HDM \u015fubesinde 17 Ramazan\u2019\u0131 anmak i\u00e7in iftar sofras\u0131 kuruldu.<\/p>\n<p>\u00b7 G\u00f6n\u00fcll\u00fclerimizden gelen ba\u011f\u0131\u015flar ile Suriye Hama\u2019da ve Filistin Gazze\u2019de M\u00fcsl\u00fcman karde\u015flerimize \u201c17 Ramazan D\u00fcnya Helal G\u00fcn\u00fc Karde\u015flik \u0130ftar\u0131\u201d olarak 5 bin ki\u015filik iftar sofralar\u0131 kuruldu.<\/p>\n<p>\u00b7 Sosyal medya hesaplar\u0131m\u0131zda ve web sitelerimizde g\u00fcn\u00fcn anlam ve \u00f6nemini anlatan T\u00fcrk\u00e7e-\u0130ngilizce tebrik mesajlar\u0131 g\u00f6nderildi.<\/p>\n<p>\u00b7 \u00c7e\u015fitli illerde D\u00fcnya Helal G\u00fcn\u00fc m\u00fcnasebetiyle Helal g\u0131dan\u0131n \u00f6nemiyle ilgili e\u011fitimler yap\u0131ld\u0131 ve bro\u015f\u00fcrler da\u011f\u0131t\u0131ld\u0131.<\/p>\n<p>G\u0130MDES olarak 17 Ramazan D\u00fcnya Helal G\u00fcn\u00fcn\u00fc kutlamak i\u00e7in G\u0130MDES Merkez ve D\u00fcnya Helal Vakf\u0131 olarak ortak bir iftar organize ettik. \u0130ftar\u0131m\u0131za Kuran-kerim tilaveti ve mealini okuduktan sonra\u2019 G\u0130MDES taraf\u0131ndan helal ve tayyib olarak sertifikaland\u0131r\u0131lm\u0131\u015f ilk restoran olan De\u011fer Ta\u015f F\u0131r\u0131n Lezzetleri Lokantam\u0131zda gelen misafirlerimiz ile birlikte yakla\u015f\u0131k 200 ki\u015filik kat\u0131l\u0131mla b\u00fcy\u00fck bir co\u015fku ve memnuniyetle kutlad\u0131k. \u00d6zenle haz\u0131rlanan di\u015f kiralar\u0131m\u0131z\u0131 da misafirlerimize ikram etti<\/p>\n","protected":false},"excerpt":{"rendered":"<p>Dr. H\u00fcseyin K\u00e2mi B\u00dcY\u00dcK\u00d6ZER 100 y\u0131ld\u0131r gayrim\u00fcslimlerin ya\u015fant\u0131lar\u0131 M\u00fcsl\u00fcmanlara empoze edilmeye \u00e7al\u0131\u015f\u0131l\u0131yor. Bu y\u00fczden insanlar\u0131n temay\u00fcl g\u00f6stermedikleri Helal lokma sorumlulu\u011fumuzu hat\u0131rlatmak gayesiyle, hep birlikte Allah\u2019\u0131n ipine sar\u0131larak hayat\u0131m\u0131z\u0131n helalle\u015fmesine katk\u0131 sa\u011flamas\u0131 maksad\u0131yla, 2013 y\u0131l\u0131nda World Halal Council \u015femsiyesi alt\u0131nda ba\u015flatt\u0131\u011f\u0131m\u0131z 17 Ramazan D\u00fcnya Helal G\u00fcn\u00fc kutlamalar\u0131nda bu y\u0131l 13. senemizi idrak ettik. D\u00fcn (17 Mart [&hellip;]<\/p>\n","protected":false},"author":1,"featured_media":0,"comment_status":"open","ping_status":"open","sticky":false,"template":"","format":"gallery","meta":{"footnotes":""},"categories":[3],"tags":[],"class_list":["post-432","post","type-post","status-publish","format-gallery","hentry","category-haberler","post_format-post-format-gallery"],"_links":{"self":[{"href":"https:\/\/www.gimdes.org\/helal-gida\/index.php?rest_route=\/wp\/v2\/posts\/432","targetHints":{"allow":["GET"]}}],"collection":[{"href":"https:\/\/www.gimdes.org\/helal-gida\/index.php?rest_route=\/wp\/v2\/posts"}],"about":[{"href":"https:\/\/www.gimdes.org\/helal-gida\/index.php?rest_route=\/wp\/v2\/types\/post"}],"author":[{"embeddable":true,"href":"https:\/\/www.gimdes.org\/helal-gida\/index.php?rest_route=\/wp\/v2\/users\/1"}],"replies":[{"embeddable":true,"href":"https:\/\/www.gimdes.org\/helal-gida\/index.php?rest_route=%2Fwp%2Fv2%2Fcomments&post=432"}],"version-history":[{"count":1,"href":"https:\/\/www.gimdes.org\/helal-gida\/index.php?rest_route=\/wp\/v2\/posts\/432\/revisions"}],"predecessor-version":[{"id":434,"href":"https:\/\/www.gimdes.org\/helal-gida\/index.php?rest_route=\/wp\/v2\/posts\/432\/revisions\/434"}],"wp:attachment":[{"href":"https:\/\/www.gimdes.org\/helal-gida\/index.php?rest_route=%2Fwp%2Fv2%2Fmedia&parent=432"}],"wp:term":[{"taxonomy":"category","embeddable":true,"href":"https:\/\/www.gimdes.org\/helal-gida\/index.php?rest_route=%2Fwp%2Fv2%2Fcategories&post=432"},{"taxonomy":"post_tag","embeddable":true,"href":"https:\/\/www.gimdes.org\/helal-gida\/index.php?rest_route=%2Fwp%2Fv2%2Ftags&post=432"}],"curies":[{"name":"wp","href":"https:\/\/api.w.org\/{rel}","templated":true}]}}